{"id":746,"date":"2020-04-27T09:27:21","date_gmt":"2020-04-27T07:27:21","guid":{"rendered":"https:\/\/gardonslelien.csvennes.fr\/?p=746"},"modified":"2020-05-04T19:06:00","modified_gmt":"2020-05-04T17:06:00","slug":"comptine-pour-les-enfants-de-graffitine","status":"publish","type":"post","link":"https:\/\/gardonslelien.csvennes.fr\/?p=746","title":{"rendered":"Comptines pour les enfants de Graffitine. #1"},"content":{"rendered":"\n<h2 class=\"wp-block-heading\">et pour les autres!<\/h2>\n\n\n\n<p>Parce que les enfants qui viennent \u00e0 Graffitine, n&#8217;ont pas vu l&#8217;\u00e9quipe depuis bien des semaines, c&#8217;est une partie de l&#8217;\u00e9quipe qui vient chez vous aujourd&#8217;hui!<\/p>\n\n\n\n<p><\/p>\n\n\n\n<figure><iframe loading=\"lazy\" src=\"https:\/\/www.youtube.com\/embed\/2vVVVPkgGjQ\" allowfullscreen=\"\" width=\"560\" height=\"315\"><\/iframe><\/figure>\n\n\n\n<p>Et n&#8217;oubliez pas les chansons, les comptines&#8230;. \u00e7a aide \u00e0 bien rythmer une journ\u00e9e!<\/p>\n","protected":false},"excerpt":{"rendered":"<p>et pour les autres! Parce que les enfants qui viennent \u00e0 Graffitine, n&#8217;ont pas vu l&#8217;\u00e9quipe depuis bien des semaines, c&#8217;est une partie de l&#8217;\u00e9quipe qui vient chez vous aujourd&#8217;hui! Et n&#8217;oubliez pas les chansons, les comptines&#8230;. \u00e7a aide \u00e0 <a class=\"more-link\" href=\"https:\/\/gardonslelien.csvennes.fr\/?p=746\">Continuer la lecture <span class=\"screen-reader-text\">  Comptines pour les enfants de Graffitine. #1<\/span><span class=\"meta-nav\">&rarr;<\/span><\/a><\/p>\n","protected":false},"author":19,"featured_media":748,"comment_status":"open","ping_status":"closed","sticky":false,"template":"","format":"standard","meta":{"footnotes":""},"categories":[54,64],"tags":[20,49,48],"class_list":["post-746","post","type-post","status-publish","format-standard","has-post-thumbnail","hentry","category-detente","category-graffitine","tag-famille","tag-graffitine","tag-petits"],"_links":{"self":[{"href":"https:\/\/gardonslelien.csvennes.fr\/index.php?rest_route=\/wp\/v2\/posts\/746"}],"collection":[{"href":"https:\/\/gardonslelien.csvennes.fr\/index.php?rest_route=\/wp\/v2\/posts"}],"about":[{"href":"https:\/\/gardonslelien.csvennes.fr\/index.php?rest_route=\/wp\/v2\/types\/post"}],"author":[{"embeddable":true,"href":"https:\/\/gardonslelien.csvennes.fr\/index.php?rest_route=\/wp\/v2\/users\/19"}],"replies":[{"embeddable":true,"href":"https:\/\/gardonslelien.csvennes.fr\/index.php?rest_route=%2Fwp%2Fv2%2Fcomments&post=746"}],"version-history":[{"count":3,"href":"https:\/\/gardonslelien.csvennes.fr\/index.php?rest_route=\/wp\/v2\/posts\/746\/revisions"}],"predecessor-version":[{"id":972,"href":"https:\/\/gardonslelien.csvennes.fr\/index.php?rest_route=\/wp\/v2\/posts\/746\/revisions\/972"}],"wp:featuredmedia":[{"embeddable":true,"href":"https:\/\/gardonslelien.csvennes.fr\/index.php?rest_route=\/wp\/v2\/media\/748"}],"wp:attachment":[{"href":"https:\/\/gardonslelien.csvennes.fr\/index.php?rest_route=%2Fwp%2Fv2%2Fmedia&parent=746"}],"wp:term":[{"taxonomy":"category","embeddable":true,"href":"https:\/\/gardonslelien.csvennes.fr\/index.php?rest_route=%2Fwp%2Fv2%2Fcategories&post=746"},{"taxonomy":"post_tag","embeddable":true,"href":"https:\/\/gardonslelien.csvennes.fr\/index.php?rest_route=%2Fwp%2Fv2%2Ftags&post=746"}],"curies":[{"name":"wp","href":"https:\/\/api.w.org\/{rel}","templated":true}]}}