{"id":597,"date":"2020-04-20T10:59:57","date_gmt":"2020-04-20T08:59:57","guid":{"rendered":"https:\/\/gardonslelien.csvennes.fr\/?p=597"},"modified":"2020-06-03T13:41:43","modified_gmt":"2020-06-03T11:41:43","slug":"vous-avez-dit-lsf","status":"publish","type":"post","link":"https:\/\/gardonslelien.csvennes.fr\/?p=597","title":{"rendered":"Vous avez dit LSF?"},"content":{"rendered":"\n<p><em>Youssef un habitant du quartier (que nous avons d\u00e9j\u00e0 crois\u00e9 dans ce blog, ou sur Facebook),  a cr\u00e9\u00e9 un chaine youtube pour vous apprendre le langage des signes.<\/em> <em>Voici sa pr\u00e9sentation, qui vous conduira \u00e0 toutes ses vid\u00e9os. <\/em><\/p>\n\n\n\n<figure><iframe loading=\"lazy\" src=\"https:\/\/www.youtube.com\/embed\/tOhVM_fDFgM\" allowfullscreen=\"\" width=\"560\" height=\"315\"><\/iframe><\/figure>\n\n\n\n<p><\/p>\n","protected":false},"excerpt":{"rendered":"<p>Youssef un habitant du quartier (que nous avons d\u00e9j\u00e0 crois\u00e9 dans ce blog, ou sur Facebook), a cr\u00e9\u00e9 un chaine youtube pour vous apprendre le langage des signes. Voici sa pr\u00e9sentation, qui vous conduira \u00e0 toutes ses vid\u00e9os.<\/p>\n","protected":false},"author":21,"featured_media":1561,"comment_status":"open","ping_status":"closed","sticky":false,"template":"","format":"standard","meta":{"footnotes":""},"categories":[3],"tags":[47,8],"class_list":["post-597","post","type-post","status-publish","format-standard","has-post-thumbnail","hentry","category-nouvelles","tag-lsf","tag-rousseau"],"_links":{"self":[{"href":"https:\/\/gardonslelien.csvennes.fr\/index.php?rest_route=\/wp\/v2\/posts\/597"}],"collection":[{"href":"https:\/\/gardonslelien.csvennes.fr\/index.php?rest_route=\/wp\/v2\/posts"}],"about":[{"href":"https:\/\/gardonslelien.csvennes.fr\/index.php?rest_route=\/wp\/v2\/types\/post"}],"author":[{"embeddable":true,"href":"https:\/\/gardonslelien.csvennes.fr\/index.php?rest_route=\/wp\/v2\/users\/21"}],"replies":[{"embeddable":true,"href":"https:\/\/gardonslelien.csvennes.fr\/index.php?rest_route=%2Fwp%2Fv2%2Fcomments&post=597"}],"version-history":[{"count":1,"href":"https:\/\/gardonslelien.csvennes.fr\/index.php?rest_route=\/wp\/v2\/posts\/597\/revisions"}],"predecessor-version":[{"id":598,"href":"https:\/\/gardonslelien.csvennes.fr\/index.php?rest_route=\/wp\/v2\/posts\/597\/revisions\/598"}],"wp:featuredmedia":[{"embeddable":true,"href":"https:\/\/gardonslelien.csvennes.fr\/index.php?rest_route=\/wp\/v2\/media\/1561"}],"wp:attachment":[{"href":"https:\/\/gardonslelien.csvennes.fr\/index.php?rest_route=%2Fwp%2Fv2%2Fmedia&parent=597"}],"wp:term":[{"taxonomy":"category","embeddable":true,"href":"https:\/\/gardonslelien.csvennes.fr\/index.php?rest_route=%2Fwp%2Fv2%2Fcategories&post=597"},{"taxonomy":"post_tag","embeddable":true,"href":"https:\/\/gardonslelien.csvennes.fr\/index.php?rest_route=%2Fwp%2Fv2%2Ftags&post=597"}],"curies":[{"name":"wp","href":"https:\/\/api.w.org\/{rel}","templated":true}]}}