{"id":2208,"date":"2020-07-23T16:28:00","date_gmt":"2020-07-23T14:28:00","guid":{"rendered":"https:\/\/gardonslelien.csvennes.fr\/?p=2208"},"modified":"2020-07-24T11:13:31","modified_gmt":"2020-07-24T09:13:31","slug":"un-graff-dans-le-quartier-qui-parle-du-quartier-realise-et-concu-avec-les-habitants-du-quartier-1","status":"publish","type":"post","link":"https:\/\/gardonslelien.csvennes.fr\/?p=2208","title":{"rendered":"Un graff dans le quartier, qui parle du quartier, r\u00e9alis\u00e9 et con\u00e7u avec les habitants du quartier. #1"},"content":{"rendered":"\n<p>Dans le cadre d&#8217;un projet en partenariat avec le Centre Social des Vennes, la pr\u00e9vention sp\u00e9cialis\u00e9e et le r\u00e9seau 11-16 ans, un graff a \u00e9t\u00e9 r\u00e9alis\u00e9 par le graffeur Snare en collaboration avec des habitants du quartier des Vennes. <\/p>\n\n\n\n<p>Pour la r\u00e9alisation de cette fresque, les habitants ont \u00e9t\u00e9 convi\u00e9s \u00e0 donner leur vision du quartier via diff\u00e9rents ateliers, dans le cadre des caf\u00e9s mobiles r\u00e9alis\u00e9s les semaines avant la r\u00e9alisation du graff. <\/p>\n\n\n\n<ul class=\"wp-block-list\"><li>Photolangage :  Les habitants ont d\u00fb choisir des photos repr\u00e9sentant leur vision du quartier des Vennes. <\/li><li>Nuage de mots : Les participants ont d\u00fb choisir un mot qui, selon eux, d\u00e9finit le mieux le quartier.<\/li><li>Choisis ta couleur : Ils ont d\u00fb s\u00e9lectionner la couleur du mot qui pour eux repr\u00e9sente le mieux le quartier selon les \u00e9poques (Pass\u00e9, Pr\u00e9sent, Futur) <\/li><li>Dessine ton quartier : Les habitants ont aussi \u00e9t\u00e9 invit\u00e9s \u00e0 dessiner \u00e0 la craie leur vision des Vennes d&#8217;hier, d&#8217;aujourd&#8217;hui et de demain. <\/li><\/ul>\n\n\n\n<p>Gr\u00e2ce \u00e0 ce travail fait par les habitants, l&#8217;artiste SNARE a pu concevoir une maquette de son graff qui a \u00e9t\u00e9 valid\u00e9e par l&#8217;ensemble des participants. <\/p>\n\n\n\n<p>Voici les quatre ateliers en image : <\/p>\n\n\n\n<figure class=\"wp-block-image size-large\"><img loading=\"lazy\" decoding=\"async\" width=\"1024\" height=\"768\" src=\"https:\/\/gardonslelien.csvennes.fr\/wp-content\/uploads\/2020\/07\/IMG_20200701_1820271-1024x768.jpg\" alt=\"\" class=\"wp-image-2221\" srcset=\"https:\/\/gardonslelien.csvennes.fr\/wp-content\/uploads\/2020\/07\/IMG_20200701_1820271-1024x768.jpg 1024w, https:\/\/gardonslelien.csvennes.fr\/wp-content\/uploads\/2020\/07\/IMG_20200701_1820271-300x225.jpg 300w, https:\/\/gardonslelien.csvennes.fr\/wp-content\/uploads\/2020\/07\/IMG_20200701_1820271-768x576.jpg 768w, https:\/\/gardonslelien.csvennes.fr\/wp-content\/uploads\/2020\/07\/IMG_20200701_1820271-1536x1152.jpg 1536w, https:\/\/gardonslelien.csvennes.fr\/wp-content\/uploads\/2020\/07\/IMG_20200701_1820271-2048x1536.jpg 2048w\" sizes=\"(max-width: 1024px) 100vw, 1024px\" \/><\/figure>\n\n\n\n<figure class=\"wp-block-gallery columns-1 is-cropped wp-block-gallery-1 is-layout-flex wp-block-gallery-is-layout-flex\"><ul class=\"blocks-gallery-grid\"><li class=\"blocks-gallery-item\"><figure><img loading=\"lazy\" decoding=\"async\" width=\"768\" height=\"1024\" src=\"https:\/\/gardonslelien.csvennes.fr\/wp-content\/uploads\/2020\/07\/IMG_20200703_181210-4-768x1024.jpg\" alt=\"\" data-id=\"2231\" data-link=\"https:\/\/gardonslelien.csvennes.fr\/?attachment_id=2231\" class=\"wp-image-2231\" srcset=\"https:\/\/gardonslelien.csvennes.fr\/wp-content\/uploads\/2020\/07\/IMG_20200703_181210-4-768x1024.jpg 768w, https:\/\/gardonslelien.csvennes.fr\/wp-content\/uploads\/2020\/07\/IMG_20200703_181210-4-225x300.jpg 225w, https:\/\/gardonslelien.csvennes.fr\/wp-content\/uploads\/2020\/07\/IMG_20200703_181210-4-1152x1536.jpg 1152w, https:\/\/gardonslelien.csvennes.fr\/wp-content\/uploads\/2020\/07\/IMG_20200703_181210-4-1536x2048.jpg 1536w, https:\/\/gardonslelien.csvennes.fr\/wp-content\/uploads\/2020\/07\/IMG_20200703_181210-4-scaled.jpg 1920w\" sizes=\"(max-width: 768px) 100vw, 768px\" \/><\/figure><\/li><\/ul><\/figure>\n\n\n\n<figure class=\"wp-block-image size-large\"><img loading=\"lazy\" decoding=\"async\" width=\"1024\" height=\"576\" src=\"https:\/\/gardonslelien.csvennes.fr\/wp-content\/uploads\/2020\/07\/nuage-de-mots-apr\u00e8s-le-1-er-juillet-1024x576.png\" alt=\"\" class=\"wp-image-2233\" srcset=\"https:\/\/gardonslelien.csvennes.fr\/wp-content\/uploads\/2020\/07\/nuage-de-mots-apr\u00e8s-le-1-er-juillet-1024x576.png 1024w, https:\/\/gardonslelien.csvennes.fr\/wp-content\/uploads\/2020\/07\/nuage-de-mots-apr\u00e8s-le-1-er-juillet-300x169.png 300w, https:\/\/gardonslelien.csvennes.fr\/wp-content\/uploads\/2020\/07\/nuage-de-mots-apr\u00e8s-le-1-er-juillet-768x432.png 768w, https:\/\/gardonslelien.csvennes.fr\/wp-content\/uploads\/2020\/07\/nuage-de-mots-apr\u00e8s-le-1-er-juillet.png 1053w\" sizes=\"(max-width: 1024px) 100vw, 1024px\" \/><\/figure>\n\n\n\n<figure class=\"wp-block-gallery columns-1 is-cropped wp-block-gallery-2 is-layout-flex wp-block-gallery-is-layout-flex\"><ul class=\"blocks-gallery-grid\"><li class=\"blocks-gallery-item\"><figure><img loading=\"lazy\" decoding=\"async\" width=\"768\" height=\"1024\" src=\"https:\/\/gardonslelien.csvennes.fr\/wp-content\/uploads\/2020\/07\/craies-3-enfants-768x1024.jpg\" alt=\"\" data-id=\"2234\" data-full-url=\"https:\/\/gardonslelien.csvennes.fr\/wp-content\/uploads\/2020\/07\/craies-3-enfants-scaled.jpg\" data-link=\"https:\/\/gardonslelien.csvennes.fr\/?attachment_id=2234\" class=\"wp-image-2234\" srcset=\"https:\/\/gardonslelien.csvennes.fr\/wp-content\/uploads\/2020\/07\/craies-3-enfants-768x1024.jpg 768w, https:\/\/gardonslelien.csvennes.fr\/wp-content\/uploads\/2020\/07\/craies-3-enfants-225x300.jpg 225w, https:\/\/gardonslelien.csvennes.fr\/wp-content\/uploads\/2020\/07\/craies-3-enfants-1152x1536.jpg 1152w, https:\/\/gardonslelien.csvennes.fr\/wp-content\/uploads\/2020\/07\/craies-3-enfants-1536x2048.jpg 1536w, https:\/\/gardonslelien.csvennes.fr\/wp-content\/uploads\/2020\/07\/craies-3-enfants-scaled.jpg 1920w\" sizes=\"(max-width: 768px) 100vw, 768px\" \/><\/figure><\/li><\/ul><\/figure>\n","protected":false},"excerpt":{"rendered":"<p>Dans le cadre d&#8217;un projet en partenariat avec le Centre Social des Vennes, la pr\u00e9vention sp\u00e9cialis\u00e9e et le r\u00e9seau 11-16 ans, un graff a \u00e9t\u00e9 r\u00e9alis\u00e9 par le graffeur Snare en collaboration avec des habitants du quartier des Vennes. Pour <a class=\"more-link\" href=\"https:\/\/gardonslelien.csvennes.fr\/?p=2208\">Continuer la lecture <span class=\"screen-reader-text\">  Un graff dans le quartier, qui parle du quartier, r\u00e9alis\u00e9 et con\u00e7u avec les habitants du quartier. #1<\/span><span class=\"meta-nav\">&rarr;<\/span><\/a><\/p>\n","protected":false},"author":12,"featured_media":2229,"comment_status":"open","ping_status":"closed","sticky":false,"template":"","format":"standard","meta":{"footnotes":""},"categories":[25,62,56],"tags":[],"class_list":["post-2208","post","type-post","status-publish","format-standard","has-post-thumbnail","hentry","category-csvennes","category-memoire","category-vie-du-quartier"],"_links":{"self":[{"href":"https:\/\/gardonslelien.csvennes.fr\/index.php?rest_route=\/wp\/v2\/posts\/2208"}],"collection":[{"href":"https:\/\/gardonslelien.csvennes.fr\/index.php?rest_route=\/wp\/v2\/posts"}],"about":[{"href":"https:\/\/gardonslelien.csvennes.fr\/index.php?rest_route=\/wp\/v2\/types\/post"}],"author":[{"embeddable":true,"href":"https:\/\/gardonslelien.csvennes.fr\/index.php?rest_route=\/wp\/v2\/users\/12"}],"replies":[{"embeddable":true,"href":"https:\/\/gardonslelien.csvennes.fr\/index.php?rest_route=%2Fwp%2Fv2%2Fcomments&post=2208"}],"version-history":[{"count":5,"href":"https:\/\/gardonslelien.csvennes.fr\/index.php?rest_route=\/wp\/v2\/posts\/2208\/revisions"}],"predecessor-version":[{"id":2262,"href":"https:\/\/gardonslelien.csvennes.fr\/index.php?rest_route=\/wp\/v2\/posts\/2208\/revisions\/2262"}],"wp:featuredmedia":[{"embeddable":true,"href":"https:\/\/gardonslelien.csvennes.fr\/index.php?rest_route=\/wp\/v2\/media\/2229"}],"wp:attachment":[{"href":"https:\/\/gardonslelien.csvennes.fr\/index.php?rest_route=%2Fwp%2Fv2%2Fmedia&parent=2208"}],"wp:term":[{"taxonomy":"category","embeddable":true,"href":"https:\/\/gardonslelien.csvennes.fr\/index.php?rest_route=%2Fwp%2Fv2%2Fcategories&post=2208"},{"taxonomy":"post_tag","embeddable":true,"href":"https:\/\/gardonslelien.csvennes.fr\/index.php?rest_route=%2Fwp%2Fv2%2Ftags&post=2208"}],"curies":[{"name":"wp","href":"https:\/\/api.w.org\/{rel}","templated":true}]}}