{"id":1813,"date":"2020-06-12T10:05:04","date_gmt":"2020-06-12T08:05:04","guid":{"rendered":"https:\/\/gardonslelien.csvennes.fr\/?p=1813"},"modified":"2020-06-12T10:05:05","modified_gmt":"2020-06-12T08:05:05","slug":"retour-sur-laccompagnement-scolaire","status":"publish","type":"post","link":"https:\/\/gardonslelien.csvennes.fr\/?p=1813","title":{"rendered":"Retour sur l&#8217;accompagnement scolaire"},"content":{"rendered":"\n<p>Petit \u00e0 petit, l&#8217;accompagnement \u00e0 la scolarit\u00e9  reprend&#8230; Diff\u00e9remment bien s\u00fbr, cependant, lundi et jeudi, il a permis \u00e0 14 coll\u00e9giens de se retrouver au centre social pour \u00e9changer en petits groupes sur leur v\u00e9cu, sur leur organisation pour faire leurs devoirs, sur ce qu&#8217;ils ont pu faire pendant cette p\u00e9riode de confinement (cuisine, jeux avec les petits fr\u00e8res et s\u0153urs, dessiner et aussi quelquefois s&#8217;ennuyer). <\/p>\n\n\n\n<p class=\"has-text-align-center\">C&#8217;\u00e9tait aussi l&#8217;occasion d&#8217;imaginer l&#8217;\u00e9t\u00e9 !<\/p>\n\n\n\n<figure class=\"wp-block-image size-large is-resized\"><img loading=\"lazy\" decoding=\"async\" src=\"https:\/\/gardonslelien.csvennes.fr\/wp-content\/uploads\/2020\/06\/IMG_20200612_0904041-1024x823.jpg\" alt=\"\" class=\"wp-image-1838\" width=\"512\" height=\"412\" srcset=\"https:\/\/gardonslelien.csvennes.fr\/wp-content\/uploads\/2020\/06\/IMG_20200612_0904041-1024x823.jpg 1024w, https:\/\/gardonslelien.csvennes.fr\/wp-content\/uploads\/2020\/06\/IMG_20200612_0904041-300x241.jpg 300w, https:\/\/gardonslelien.csvennes.fr\/wp-content\/uploads\/2020\/06\/IMG_20200612_0904041-768x617.jpg 768w, https:\/\/gardonslelien.csvennes.fr\/wp-content\/uploads\/2020\/06\/IMG_20200612_0904041-1536x1234.jpg 1536w, https:\/\/gardonslelien.csvennes.fr\/wp-content\/uploads\/2020\/06\/IMG_20200612_0904041-2048x1646.jpg 2048w\" sizes=\"(max-width: 512px) 100vw, 512px\" \/><figcaption>Une coll\u00e9gienne travaillant son anglais<\/figcaption><\/figure>\n\n\n\n<p><\/p>\n","protected":false},"excerpt":{"rendered":"<p>Petit \u00e0 petit, l&#8217;accompagnement \u00e0 la scolarit\u00e9 reprend&#8230; Diff\u00e9remment bien s\u00fbr, cependant, lundi et jeudi, il a permis \u00e0 14 coll\u00e9giens de se retrouver au centre social pour \u00e9changer en petits groupes sur leur v\u00e9cu, sur leur organisation pour faire <a class=\"more-link\" href=\"https:\/\/gardonslelien.csvennes.fr\/?p=1813\">Continuer la lecture <span class=\"screen-reader-text\">  Retour sur l&#8217;accompagnement scolaire<\/span><span class=\"meta-nav\">&rarr;<\/span><\/a><\/p>\n","protected":false},"author":4,"featured_media":1838,"comment_status":"open","ping_status":"closed","sticky":false,"template":"","format":"standard","meta":{"footnotes":""},"categories":[25,3],"tags":[],"class_list":["post-1813","post","type-post","status-publish","format-standard","has-post-thumbnail","hentry","category-csvennes","category-nouvelles"],"_links":{"self":[{"href":"https:\/\/gardonslelien.csvennes.fr\/index.php?rest_route=\/wp\/v2\/posts\/1813"}],"collection":[{"href":"https:\/\/gardonslelien.csvennes.fr\/index.php?rest_route=\/wp\/v2\/posts"}],"about":[{"href":"https:\/\/gardonslelien.csvennes.fr\/index.php?rest_route=\/wp\/v2\/types\/post"}],"author":[{"embeddable":true,"href":"https:\/\/gardonslelien.csvennes.fr\/index.php?rest_route=\/wp\/v2\/users\/4"}],"replies":[{"embeddable":true,"href":"https:\/\/gardonslelien.csvennes.fr\/index.php?rest_route=%2Fwp%2Fv2%2Fcomments&post=1813"}],"version-history":[{"count":6,"href":"https:\/\/gardonslelien.csvennes.fr\/index.php?rest_route=\/wp\/v2\/posts\/1813\/revisions"}],"predecessor-version":[{"id":1840,"href":"https:\/\/gardonslelien.csvennes.fr\/index.php?rest_route=\/wp\/v2\/posts\/1813\/revisions\/1840"}],"wp:featuredmedia":[{"embeddable":true,"href":"https:\/\/gardonslelien.csvennes.fr\/index.php?rest_route=\/wp\/v2\/media\/1838"}],"wp:attachment":[{"href":"https:\/\/gardonslelien.csvennes.fr\/index.php?rest_route=%2Fwp%2Fv2%2Fmedia&parent=1813"}],"wp:term":[{"taxonomy":"category","embeddable":true,"href":"https:\/\/gardonslelien.csvennes.fr\/index.php?rest_route=%2Fwp%2Fv2%2Fcategories&post=1813"},{"taxonomy":"post_tag","embeddable":true,"href":"https:\/\/gardonslelien.csvennes.fr\/index.php?rest_route=%2Fwp%2Fv2%2Ftags&post=1813"}],"curies":[{"name":"wp","href":"https:\/\/api.w.org\/{rel}","templated":true}]}}