{"id":1340,"date":"2020-06-05T14:00:00","date_gmt":"2020-06-05T12:00:00","guid":{"rendered":"https:\/\/gardonslelien.csvennes.fr\/?p=1340"},"modified":"2020-06-10T15:26:57","modified_gmt":"2020-06-10T13:26:57","slug":"la-place-jean-jacques-rousseau-les-plans","status":"publish","type":"post","link":"https:\/\/gardonslelien.csvennes.fr\/?p=1340","title":{"rendered":"La place Jean-Jacques Rousseau, les plans et les commentaires des habitants."},"content":{"rendered":"\n<p>\u00a0En conclusion des commentaires de JP et ses copains, les sexag\u00e9naires des Vennes (articles #5.1-#5.2-#5.3) <strong>la place Jean-Jacques Rousseau <\/strong>est riche d\u2019histoires. C\u2019est un quartier qui va se transformer\u00a0 dans le cadre du projet de la \u00a0r\u00e9habilitation du quartier. En 2018, Bourg-Habitat a lanc\u00e9 le programme de r\u00e9novation des<strong> Vennes <\/strong>avec la d\u00e9molition du duplex c\u00f4t\u00e9 rue Montaigne.    <\/p>\n\n\n\n<p>Actuellement plusieurs familles ont d\u00e9j\u00e0 d\u00e9m\u00e9nag\u00e9 et d\u2019autres sont en attente  de relogement. Comme  <strong>La place Jean-Jacques Rousseau <\/strong>va \u00e9voluer, le centre social  et les habitants sont \u00e0 l&#8217;initiative du projet intitul\u00e9 \u00a0<strong>\u00ab\u00a0Et si je racontais mon quartier\u00a0\u00bb<\/strong> Ce projet est un bon moyen d&#8217;expression car les personnes aiment parler de leur quartier.<\/p>\n\n\n\n<p class=\"has-background has-text-align-center has-bright-red-background-color\"><strong> Aujourd\u2019hui.  <\/strong><\/p>\n\n\n\n<div class=\"wp-block-image\"><figure class=\"aligncenter size-large\"><img loading=\"lazy\" decoding=\"async\" width=\"326\" height=\"230\" src=\"https:\/\/gardonslelien.csvennes.fr\/wp-content\/uploads\/2020\/06\/image-1.png\" alt=\"\" class=\"wp-image-1691\" srcset=\"https:\/\/gardonslelien.csvennes.fr\/wp-content\/uploads\/2020\/06\/image-1.png 326w, https:\/\/gardonslelien.csvennes.fr\/wp-content\/uploads\/2020\/06\/image-1-300x212.png 300w\" sizes=\"(max-width: 326px) 100vw, 326px\" \/><\/figure><\/div>\n\n\n\n<p>Ce changement attendu par les habitants est malgr\u00e9 tout difficile pour une partie d&#8217;entre eux..                                                                                                                                                         Radio B en collaboration avec le centre social a fait une \u00e9mission le 22 novembre 2019. Retrouvez ci-apr\u00e8s un extrait de leurs t\u00e9moignages o\u00f9 il est question de crainte de se retrouver isol\u00e9 et de perdre ses rep\u00e8res \u2026<\/p>\n\n\n\n<figure class=\"wp-block-audio\"><audio controls src=\"https:\/\/gardonslelien.csvennes.fr\/wp-content\/uploads\/2020\/06\/extrait-2019-11-22_120_CS-Vennes-13.mp3\" autoplay><\/audio><\/figure>\n\n\n\n<p>Esp\u00e9rons que le  quartier de demain qui se  dessine (voir plan) continuera \u00e0 \u00eatre riche d&#8217;histoires , d&#8217;amiti\u00e9s et  de solidarit\u00e9s.  <\/p>\n\n\n\n<p class=\"has-text-align-center\">                   <strong> Demain .         <\/strong> <\/p>\n\n\n\n<div class=\"wp-block-image\"><figure class=\"aligncenter size-large\"><img loading=\"lazy\" decoding=\"async\" width=\"294\" height=\"208\" src=\"https:\/\/gardonslelien.csvennes.fr\/wp-content\/uploads\/2020\/06\/image-3.png\" alt=\"\" class=\"wp-image-1714\"\/><\/figure><\/div>\n","protected":false},"excerpt":{"rendered":"<p>\u00a0En conclusion des commentaires de JP et ses copains, les sexag\u00e9naires des Vennes (articles #5.1-#5.2-#5.3) la place Jean-Jacques Rousseau est riche d\u2019histoires. C\u2019est un quartier qui va se transformer\u00a0 dans le cadre du projet de la \u00a0r\u00e9habilitation du quartier. En <a class=\"more-link\" href=\"https:\/\/gardonslelien.csvennes.fr\/?p=1340\">Continuer la lecture <span class=\"screen-reader-text\">  La place Jean-Jacques Rousseau, les plans et les commentaires des habitants.<\/span><span class=\"meta-nav\">&rarr;<\/span><\/a><\/p>\n","protected":false},"author":23,"featured_media":1392,"comment_status":"open","ping_status":"closed","sticky":false,"template":"","format":"standard","meta":{"footnotes":""},"categories":[62],"tags":[],"class_list":["post-1340","post","type-post","status-publish","format-standard","has-post-thumbnail","hentry","category-memoire"],"_links":{"self":[{"href":"https:\/\/gardonslelien.csvennes.fr\/index.php?rest_route=\/wp\/v2\/posts\/1340"}],"collection":[{"href":"https:\/\/gardonslelien.csvennes.fr\/index.php?rest_route=\/wp\/v2\/posts"}],"about":[{"href":"https:\/\/gardonslelien.csvennes.fr\/index.php?rest_route=\/wp\/v2\/types\/post"}],"author":[{"embeddable":true,"href":"https:\/\/gardonslelien.csvennes.fr\/index.php?rest_route=\/wp\/v2\/users\/23"}],"replies":[{"embeddable":true,"href":"https:\/\/gardonslelien.csvennes.fr\/index.php?rest_route=%2Fwp%2Fv2%2Fcomments&post=1340"}],"version-history":[{"count":36,"href":"https:\/\/gardonslelien.csvennes.fr\/index.php?rest_route=\/wp\/v2\/posts\/1340\/revisions"}],"predecessor-version":[{"id":1795,"href":"https:\/\/gardonslelien.csvennes.fr\/index.php?rest_route=\/wp\/v2\/posts\/1340\/revisions\/1795"}],"wp:featuredmedia":[{"embeddable":true,"href":"https:\/\/gardonslelien.csvennes.fr\/index.php?rest_route=\/wp\/v2\/media\/1392"}],"wp:attachment":[{"href":"https:\/\/gardonslelien.csvennes.fr\/index.php?rest_route=%2Fwp%2Fv2%2Fmedia&parent=1340"}],"wp:term":[{"taxonomy":"category","embeddable":true,"href":"https:\/\/gardonslelien.csvennes.fr\/index.php?rest_route=%2Fwp%2Fv2%2Fcategories&post=1340"},{"taxonomy":"post_tag","embeddable":true,"href":"https:\/\/gardonslelien.csvennes.fr\/index.php?rest_route=%2Fwp%2Fv2%2Ftags&post=1340"}],"curies":[{"name":"wp","href":"https:\/\/api.w.org\/{rel}","templated":true}]}}