{"id":1260,"date":"2020-06-03T14:33:00","date_gmt":"2020-06-03T12:33:00","guid":{"rendered":"https:\/\/gardonslelien.csvennes.fr\/?p=1260"},"modified":"2020-06-08T16:50:25","modified_gmt":"2020-06-08T14:50:25","slug":"la-place-jean-jacques-rousseau-racontee-par-ses-habitants-5-3","status":"publish","type":"post","link":"https:\/\/gardonslelien.csvennes.fr\/?p=1260","title":{"rendered":"La place Jean-Jacques Rousseau racont\u00e9e  par ses habitants #5.3"},"content":{"rendered":"\n<p>&#8220;En sortie familiale, mon p\u00e8re nous emmenait le dimanche avec mon fr\u00e8re prendre le train (la micheline !) \u00e0 5 heures du matin pour aller \u00e0 la p\u00eache \u00e0 Cize-Bolozon; ma m\u00e8re nous rejoignait par la micheline en fin de matin\u00e9e et on profitait d\u2019un pique-nique en famille. Plus tard, \u00e0 14-15 ans, mon fr\u00e8re et moi, nous \u00e9tions plac\u00e9s s\u00e9par\u00e9ment dans des fermes, dans des campagnes lointaines, pendant les vacances d\u2019\u00e9t\u00e9, pour travailler et gagner un peu d\u2019argent et acheter ce qui nous \u00e9tait utile. Moralement, c\u2019\u00e9tait tr\u00e8s dur d\u2019\u00eatre s\u00e9par\u00e9s de nos copains qui ne subissaient pas le m\u00eame sort, place Jean-Jacques Rousseau.                                                                                                                                                  <\/p>\n\n\n\n<p>Les paysans \u00e9taient rudes, nos journ\u00e9es \u00e9taient bien remplies et p\u00e9nibles pour notre \u00e2ge. j&#8217;ai le souvenirs de mon fr\u00e8re qui avait fugu\u00e9 car il ne supportait pas cette situation de placement. Adolescent, je rejoignais les copains au bar de la rue Charles Robin ou au Barbichat (Rue bichat) pour partager un billard ou un baby-foot et \u00e9couter les succ\u00e8s du moment au juke-box. On allait \u00e0 la piscine municipale, au cin\u00e9ma, \u00e0 pied et en bande, on en profitait pleinement. Puis je fr\u00e9quentais avec la bande de copains les bals \u00e0 l\u2019ext\u00e9rieur, o\u00f9 l\u2019on retrouvait les filles du quartier. Pour les prot\u00e9ger, G\u00e9g\u00e8ne les conduisait et les ramenait avec son estafette. Le samedi soir, on n&#8217;avait que l\u2019embarras du choix tellement l\u2019offre de bals \u00e9tait grande mais on y rencontrait des bandes rivales qui venaient provoquer des bagarres. Je n\u2019ai pas souvenir que nous, jeunes \u00e0 notre \u00e9poque, nous consommions de la drogue ou de l\u2019alcool.<\/p>\n\n\n\n<p>J\u2019utilisais comme les copains le langage propre aux jeunes (m\u00e9lange de patois alsacien, allemand, manouche) pour communiquer entre nous sans \u00eatre compris des adultes. Un de mes meilleurs souvenirs \u00e9tait d\u2019assister au circuit de motos des Vennes, qui se d\u00e9roulait chaque ann\u00e9e au mois de mai de 1953 \u00e0 1975 et qui attirait \u00e9norm\u00e9ment de monde, \u00e7a me passionnait. Je crois bien d\u2019ailleurs avoir m\u00eame manqu\u00e9 parfois l\u2019\u00e9cole le samedi matin pour profiter du spectacle d\u2019essais avant le grand jour \u2026<\/p>\n\n\n\n<p>J\u2019ai \u00e9t\u00e9 t\u00e9moin de la pr\u00e9paration du h\u00e9risson qui \u00e9tait chass\u00e9 la nuit, tu\u00e9 et consomm\u00e9 dans certaines familles dans les ann\u00e9es 1970. Une fois mort, pour le d\u00e9pecer, il \u00e9tait gonfl\u00e9 \u00e0 l\u2019aide d\u2019une pompe \u00e0 v\u00e9lo pour d\u00e9tendre la peau et ensuite \u00f4ter les piquants. J\u2019ai eu l\u2019occasion de go\u00fbter et d\u2019appr\u00e9cier la chair assez fine de cet animal pourtant rebutant. J\u2019ai gard\u00e9 le souvenir d\u2019avoir v\u00e9cu aux Vennes une jeunesse riche en relations et remplie de bons souvenirs d\u2019une vie en communaut\u00e9 solidaire. En r\u00e9sum\u00e9, une jeunesse insouciante, heureuse et libre car nos parents n\u2019\u00e9taient pas en souci d\u2019un probl\u00e8me d\u2019ins\u00e9curit\u00e9 quelconque qui aurait pu survenir,m\u00eame si tout le quartier des Vennes \u00e9tait surnomm\u00e9 \u02baCHICAGO\u02ba.<\/p>\n\n\n\n<p style=\"background-color:#ece510\" class=\"has-background has-text-align-center\">Merci  \u00e0  JP et \u00e0 ses copains, les sexag\u00e9naires  des Vennes.<\/p>\n","protected":false},"excerpt":{"rendered":"<p>&#8220;En sortie familiale, mon p\u00e8re nous emmenait le dimanche avec mon fr\u00e8re prendre le train (la micheline !) \u00e0 5 heures du matin pour aller \u00e0 la p\u00eache \u00e0 Cize-Bolozon; ma m\u00e8re nous rejoignait par la micheline en fin de <a class=\"more-link\" href=\"https:\/\/gardonslelien.csvennes.fr\/?p=1260\">Continuer la lecture <span class=\"screen-reader-text\">  La place Jean-Jacques Rousseau racont\u00e9e  par ses habitants #5.3<\/span><span class=\"meta-nav\">&rarr;<\/span><\/a><\/p>\n","protected":false},"author":23,"featured_media":1383,"comment_status":"open","ping_status":"closed","sticky":false,"template":"","format":"standard","meta":{"footnotes":""},"categories":[62],"tags":[],"class_list":["post-1260","post","type-post","status-publish","format-standard","has-post-thumbnail","hentry","category-memoire"],"_links":{"self":[{"href":"https:\/\/gardonslelien.csvennes.fr\/index.php?rest_route=\/wp\/v2\/posts\/1260"}],"collection":[{"href":"https:\/\/gardonslelien.csvennes.fr\/index.php?rest_route=\/wp\/v2\/posts"}],"about":[{"href":"https:\/\/gardonslelien.csvennes.fr\/index.php?rest_route=\/wp\/v2\/types\/post"}],"author":[{"embeddable":true,"href":"https:\/\/gardonslelien.csvennes.fr\/index.php?rest_route=\/wp\/v2\/users\/23"}],"replies":[{"embeddable":true,"href":"https:\/\/gardonslelien.csvennes.fr\/index.php?rest_route=%2Fwp%2Fv2%2Fcomments&post=1260"}],"version-history":[{"count":18,"href":"https:\/\/gardonslelien.csvennes.fr\/index.php?rest_route=\/wp\/v2\/posts\/1260\/revisions"}],"predecessor-version":[{"id":1685,"href":"https:\/\/gardonslelien.csvennes.fr\/index.php?rest_route=\/wp\/v2\/posts\/1260\/revisions\/1685"}],"wp:featuredmedia":[{"embeddable":true,"href":"https:\/\/gardonslelien.csvennes.fr\/index.php?rest_route=\/wp\/v2\/media\/1383"}],"wp:attachment":[{"href":"https:\/\/gardonslelien.csvennes.fr\/index.php?rest_route=%2Fwp%2Fv2%2Fmedia&parent=1260"}],"wp:term":[{"taxonomy":"category","embeddable":true,"href":"https:\/\/gardonslelien.csvennes.fr\/index.php?rest_route=%2Fwp%2Fv2%2Fcategories&post=1260"},{"taxonomy":"post_tag","embeddable":true,"href":"https:\/\/gardonslelien.csvennes.fr\/index.php?rest_route=%2Fwp%2Fv2%2Ftags&post=1260"}],"curies":[{"name":"wp","href":"https:\/\/api.w.org\/{rel}","templated":true}]}}