{"id":1252,"date":"2020-06-01T15:46:00","date_gmt":"2020-06-01T13:46:00","guid":{"rendered":"https:\/\/gardonslelien.csvennes.fr\/?p=1252"},"modified":"2020-06-03T10:59:49","modified_gmt":"2020-06-03T08:59:49","slug":"la-place-jean-jacques-rousseau-racontee-par-ses-habitants-5-2","status":"publish","type":"post","link":"https:\/\/gardonslelien.csvennes.fr\/?p=1252","title":{"rendered":"La place Jean-Jacques Rousseau racont\u00e9e  par ses habitants #5.2"},"content":{"rendered":"\n<figure class=\"wp-block-image size-large\"><img loading=\"lazy\" decoding=\"async\" width=\"768\" height=\"1024\" src=\"https:\/\/gardonslelien.csvennes.fr\/wp-content\/uploads\/2020\/05\/photo-modifie-6-ir-768x1024.jpg\" alt=\"\" class=\"wp-image-1384\" srcset=\"https:\/\/gardonslelien.csvennes.fr\/wp-content\/uploads\/2020\/05\/photo-modifie-6-ir-768x1024.jpg 768w, https:\/\/gardonslelien.csvennes.fr\/wp-content\/uploads\/2020\/05\/photo-modifie-6-ir-225x300.jpg 225w, https:\/\/gardonslelien.csvennes.fr\/wp-content\/uploads\/2020\/05\/photo-modifie-6-ir.jpg 1072w\" sizes=\"(max-width: 768px) 100vw, 768px\" \/><\/figure>\n\n\n\n<p>&#8220;L\u2019AGLCR avait d\u00e9sign\u00e9 Andr\u00e9 CAILLOT en tant qu\u2019animateur aux Vennes. J&#8217;ai pu participer \u00e0 des tournois de foot inter-quartiers avec mes copains et aussi \u00e0 des animations telles que des sorties de neige \u00e0 St V\u00e9rand ou autres \u2026. c\u2019\u00e9tait sympa. <\/p>\n\n\n\n<p>Le Service de Pr\u00e9vention de la Sauvegarde de l\u2019Enfance, avait nomm\u00e9 Jean-Paul POBEL, r\u00e9f\u00e9rent aux Vennes. Il sillonnait le quartier avec son camion qui contenait du mat\u00e9riel n\u00e9cessaire \u00e0 la diffusion de cin\u00e9ma de plein air, l\u2019\u00e9t\u00e9.A l\u2019aide d\u2019un drap blanc en guise d\u2019\u00e9cran g\u00e9ant, c\u2019\u00e9tait super de pouvoir assister \u00e0 un film d\u00e9licatement choisi. Puis, il a acquis un car tout neuf pour nous organiser des sorties le week-end. On r\u00e9cup\u00e9rait les journaux, magazines ou autres chez les habitants du quartier pour les confier aux animateurs et \u00e9ducateurs qui \u00e9taient en charge de les vendre pour subventionner nos sorties. J\u2019ai aussi int\u00e9gr\u00e9 le groupe de la JOC (Jeunesse Ouvri\u00e8re Catholique) qui prenait en charge les jeunes. Le p\u00e8re Louis Josserand savait nous raisonner pour nous emp\u00eacher de faire des mauvaises choses. Il \u00e9tait accompagn\u00e9 du P\u00e8re Bernard BREVET et d\u2019un civil, Daniel GAUTHERET, tous bien investis au sein du quartier. Nous avons pu partager de bons moments avec eux. <\/p>\n\n\n\n<p>Vers l\u2019\u00e2ge de 10 ans, avec les copains de la Place Jean-Jacques Rousseau, j\u2019ai le souvenir de nos journ\u00e9es enti\u00e8res pass\u00e9es dans la for\u00eat de Seillon. On construisait des cabanes et on ramassait les douilles des balles laiss\u00e9es par l\u2019arm\u00e9e, que l\u2019on tirait pour faire peur aux l\u00e9zards ou autre.   On faisait des paris entre nous, &#8220;\u00eatre capable le soir, \u00e0 la nuit tomb\u00e9e, de faire le tour de la for\u00eat de Seillon \u00e0 v\u00e9lo\u02ba et \u00e7a nous faisait vraiment tr\u00e8s peur. On jouait aussi au foot sur la place Jean-Jacques Rousseau avec nos copains et on partageait volontiers une partie de p\u00e9tanque avec les parents de nos copains. On se rendait aux \u02babotasses\u02ba,c\u2019\u00e9tait un peu notre piscine, on pouvait se baigner l\u2019\u00e9t\u00e9 et faire des plongeons !&#8221;<\/p>\n\n\n\n<p style=\"background-color:#f0f318\" class=\"has-background has-text-align-center\">Merci  \u00e0  JP et \u00e0 ses copains, les sexag\u00e9naires des Vennes que nous retrouverons pour la troisi\u00e8me partie le mercredi 3 juin.<\/p>\n","protected":false},"excerpt":{"rendered":"<p>&#8220;L\u2019AGLCR avait d\u00e9sign\u00e9 Andr\u00e9 CAILLOT en tant qu\u2019animateur aux Vennes. J&#8217;ai pu participer \u00e0 des tournois de foot inter-quartiers avec mes copains et aussi \u00e0 des animations telles que des sorties de neige \u00e0 St V\u00e9rand ou autres \u2026. c\u2019\u00e9tait <a class=\"more-link\" href=\"https:\/\/gardonslelien.csvennes.fr\/?p=1252\">Continuer la lecture <span class=\"screen-reader-text\">  La place Jean-Jacques Rousseau racont\u00e9e  par ses habitants #5.2<\/span><span class=\"meta-nav\">&rarr;<\/span><\/a><\/p>\n","protected":false},"author":23,"featured_media":1384,"comment_status":"open","ping_status":"closed","sticky":false,"template":"","format":"standard","meta":{"footnotes":""},"categories":[62],"tags":[],"class_list":["post-1252","post","type-post","status-publish","format-standard","has-post-thumbnail","hentry","category-memoire"],"_links":{"self":[{"href":"https:\/\/gardonslelien.csvennes.fr\/index.php?rest_route=\/wp\/v2\/posts\/1252"}],"collection":[{"href":"https:\/\/gardonslelien.csvennes.fr\/index.php?rest_route=\/wp\/v2\/posts"}],"about":[{"href":"https:\/\/gardonslelien.csvennes.fr\/index.php?rest_route=\/wp\/v2\/types\/post"}],"author":[{"embeddable":true,"href":"https:\/\/gardonslelien.csvennes.fr\/index.php?rest_route=\/wp\/v2\/users\/23"}],"replies":[{"embeddable":true,"href":"https:\/\/gardonslelien.csvennes.fr\/index.php?rest_route=%2Fwp%2Fv2%2Fcomments&post=1252"}],"version-history":[{"count":23,"href":"https:\/\/gardonslelien.csvennes.fr\/index.php?rest_route=\/wp\/v2\/posts\/1252\/revisions"}],"predecessor-version":[{"id":1527,"href":"https:\/\/gardonslelien.csvennes.fr\/index.php?rest_route=\/wp\/v2\/posts\/1252\/revisions\/1527"}],"wp:featuredmedia":[{"embeddable":true,"href":"https:\/\/gardonslelien.csvennes.fr\/index.php?rest_route=\/wp\/v2\/media\/1384"}],"wp:attachment":[{"href":"https:\/\/gardonslelien.csvennes.fr\/index.php?rest_route=%2Fwp%2Fv2%2Fmedia&parent=1252"}],"wp:term":[{"taxonomy":"category","embeddable":true,"href":"https:\/\/gardonslelien.csvennes.fr\/index.php?rest_route=%2Fwp%2Fv2%2Fcategories&post=1252"},{"taxonomy":"post_tag","embeddable":true,"href":"https:\/\/gardonslelien.csvennes.fr\/index.php?rest_route=%2Fwp%2Fv2%2Ftags&post=1252"}],"curies":[{"name":"wp","href":"https:\/\/api.w.org\/{rel}","templated":true}]}}