{"id":1243,"date":"2020-05-29T14:58:00","date_gmt":"2020-05-29T12:58:00","guid":{"rendered":"https:\/\/gardonslelien.csvennes.fr\/?p=1243"},"modified":"2020-06-02T15:38:56","modified_gmt":"2020-06-02T13:38:56","slug":"la-place-jean-jacques-rousseau-racontee-par-ses-habitants5-1","status":"publish","type":"post","link":"https:\/\/gardonslelien.csvennes.fr\/?p=1243","title":{"rendered":"La place Jean-Jacques Rousseau racont\u00e9e  par ses habitants #5.1"},"content":{"rendered":"\n<div class=\"wp-block-group\"><div class=\"wp-block-group__inner-container is-layout-flow wp-block-group-is-layout-flow\">\n<div class=\"wp-block-group\"><div class=\"wp-block-group__inner-container is-layout-flow wp-block-group-is-layout-flow\">\n<figure class=\"wp-block-image size-large\"><img loading=\"lazy\" decoding=\"async\" width=\"1024\" height=\"768\" src=\"https:\/\/gardonslelien.csvennes.fr\/wp-content\/uploads\/2020\/05\/photos-modifie-B-1024x768.jpg\" alt=\"\" class=\"wp-image-1385\" srcset=\"https:\/\/gardonslelien.csvennes.fr\/wp-content\/uploads\/2020\/05\/photos-modifie-B-1024x768.jpg 1024w, https:\/\/gardonslelien.csvennes.fr\/wp-content\/uploads\/2020\/05\/photos-modifie-B-300x225.jpg 300w, https:\/\/gardonslelien.csvennes.fr\/wp-content\/uploads\/2020\/05\/photos-modifie-B-768x576.jpg 768w, https:\/\/gardonslelien.csvennes.fr\/wp-content\/uploads\/2020\/05\/photos-modifie-B-1200x900.jpg 1200w, https:\/\/gardonslelien.csvennes.fr\/wp-content\/uploads\/2020\/05\/photos-modifie-B.jpg 1355w\" sizes=\"(max-width: 1024px) 100vw, 1024px\" \/><\/figure>\n<\/div><\/div>\n<\/div><\/div>\n\n\n\n<p><em>&#8220;J\u2019ai habit\u00e9 les logements HLM de la Place Jean-Jacques Rousseau depuis ma naissance en 1960, j\u2019ai d\u00e9m\u00e9nag\u00e9 \u00e0 2 reprises en raison de la configuration de l\u2019appartement en duplex qui posait des difficult\u00e9s d\u2019accessibilit\u00e9 \u00e0 l\u2019\u00e9tage par les escaliers pour ma maman. Ma famille \u00e9tait compos\u00e9e de 5 gar\u00e7ons. Mon p\u00e8re \u00e9tait ouvrier \u00e0 la Tr\u00e9filerie. Tous les r\u00e9sidents \u00e9taient issus d\u2019un milieu ouvrier, soit de la Tr\u00e9filerie, des C\u00e2bles de Lyon, ou de Morgon<\/em>.<\/p>\n\n\n\n<p><em>Deux familles \u00e9trang\u00e8res habitaient ces logements \u00e0 cette p\u00e9riode. Pour moi, un souvenir tr\u00e8s pr\u00e9cis de \u02baBlanchette\u02ba (surnom) qui \u00e9tait la premi\u00e8re personne de couleur noire, qui, avec mes copains, nous impressionnait beaucoup, nous faisait m\u00eame peur, lorsque mon p\u00e8re le c\u00f4toyait ou lorsqu&#8217;on le rencontrait. <strong>Quel \u00e9tonnement, quand on est enfant et que l&#8217;on voit une personne de couleur pour la premi\u00e8re fois! Cela nous laissait perplexes.<\/strong><\/em><\/p>\n\n\n\n<p><em><strong> <\/strong> Ma famille connaissait tous les voisins car les gens restaient longtemps locataires de ces immeubles. Quand j\u2019\u00e9tais petit, mes parents ont eu le privil\u00e8ge de b\u00e9n\u00e9ficier de camps de vacances, tout compris, \u00e0 un prix modeste, avec le Comit\u00e9 d\u2019Entreprise de la Tr\u00e9filerie. On partait en famille un mois \u00e0 la mer, \u00e0 Juan les Pins, en \u00e9t\u00e9, quel bonheur! Ce n\u2019\u00e9tait pas le cas pour tout le monde.                                                                                                           Le cirque s\u2019installait chaque ann\u00e9e au Parc Colette (actuellement) et mes parents nous accompagnaient avec mes fr\u00e8res pour voir en tout et pour tout une animation programm\u00e9e avec une ch\u00e8vre, un bouc et un clown !!! <\/em><\/p>\n\n\n\n<p><em>Je faisais beaucoup de tours de man\u00e8ges d\u00e8s lors que la vogue \u00e9tait install\u00e9e rue Montesquieu, chaque ann\u00e9e au mois de mars. Par la suite, elle s\u2019est d\u00e9plac\u00e9e sur la Place des Enfants du Monde.<\/em>&#8220;<\/p>\n\n\n\n<div class=\"wp-block-group\"><div class=\"wp-block-group__inner-container is-layout-flow wp-block-group-is-layout-flow\">\n<div class=\"wp-block-group\"><div class=\"wp-block-group__inner-container is-layout-flow wp-block-group-is-layout-flow\">\n<p class=\"has-background has-text-align-center has-yellow-background-color\">Merci \u00e0  JP  et \u00e0 ses copains, les sexag\u00e9naires des Vennes que nous retrouverons pour la  deuxi\u00e8me partie, le Lundi 1er Juin 2020.<\/p>\n<\/div><\/div>\n<\/div><\/div>\n\n\n\n<h3 class=\"has-bright-blue-color has-text-color has-text-align-center wp-block-heading\">       <\/h3>\n\n\n\n<p><\/p>\n","protected":false},"excerpt":{"rendered":"<p>&#8220;J\u2019ai habit\u00e9 les logements HLM de la Place Jean-Jacques Rousseau depuis ma naissance en 1960, j\u2019ai d\u00e9m\u00e9nag\u00e9 \u00e0 2 reprises en raison de la configuration de l\u2019appartement en duplex qui posait des difficult\u00e9s d\u2019accessibilit\u00e9 \u00e0 l\u2019\u00e9tage par les escaliers pour <a class=\"more-link\" href=\"https:\/\/gardonslelien.csvennes.fr\/?p=1243\">Continuer la lecture <span class=\"screen-reader-text\">  La place Jean-Jacques Rousseau racont\u00e9e  par ses habitants #5.1<\/span><span class=\"meta-nav\">&rarr;<\/span><\/a><\/p>\n","protected":false},"author":23,"featured_media":1385,"comment_status":"closed","ping_status":"closed","sticky":false,"template":"","format":"standard","meta":{"footnotes":""},"categories":[62],"tags":[],"class_list":["post-1243","post","type-post","status-publish","format-standard","has-post-thumbnail","hentry","category-memoire"],"_links":{"self":[{"href":"https:\/\/gardonslelien.csvennes.fr\/index.php?rest_route=\/wp\/v2\/posts\/1243"}],"collection":[{"href":"https:\/\/gardonslelien.csvennes.fr\/index.php?rest_route=\/wp\/v2\/posts"}],"about":[{"href":"https:\/\/gardonslelien.csvennes.fr\/index.php?rest_route=\/wp\/v2\/types\/post"}],"author":[{"embeddable":true,"href":"https:\/\/gardonslelien.csvennes.fr\/index.php?rest_route=\/wp\/v2\/users\/23"}],"replies":[{"embeddable":true,"href":"https:\/\/gardonslelien.csvennes.fr\/index.php?rest_route=%2Fwp%2Fv2%2Fcomments&post=1243"}],"version-history":[{"count":27,"href":"https:\/\/gardonslelien.csvennes.fr\/index.php?rest_route=\/wp\/v2\/posts\/1243\/revisions"}],"predecessor-version":[{"id":1512,"href":"https:\/\/gardonslelien.csvennes.fr\/index.php?rest_route=\/wp\/v2\/posts\/1243\/revisions\/1512"}],"wp:featuredmedia":[{"embeddable":true,"href":"https:\/\/gardonslelien.csvennes.fr\/index.php?rest_route=\/wp\/v2\/media\/1385"}],"wp:attachment":[{"href":"https:\/\/gardonslelien.csvennes.fr\/index.php?rest_route=%2Fwp%2Fv2%2Fmedia&parent=1243"}],"wp:term":[{"taxonomy":"category","embeddable":true,"href":"https:\/\/gardonslelien.csvennes.fr\/index.php?rest_route=%2Fwp%2Fv2%2Fcategories&post=1243"},{"taxonomy":"post_tag","embeddable":true,"href":"https:\/\/gardonslelien.csvennes.fr\/index.php?rest_route=%2Fwp%2Fv2%2Ftags&post=1243"}],"curies":[{"name":"wp","href":"https:\/\/api.w.org\/{rel}","templated":true}]}}