{"id":1208,"date":"2020-05-12T17:44:06","date_gmt":"2020-05-12T15:44:06","guid":{"rendered":"https:\/\/gardonslelien.csvennes.fr\/?p=1208"},"modified":"2020-05-12T17:44:07","modified_gmt":"2020-05-12T15:44:07","slug":"comptines-pour-les-enfants-de-graffitine-4","status":"publish","type":"post","link":"https:\/\/gardonslelien.csvennes.fr\/?p=1208","title":{"rendered":"Comptines pour les enfants de Graffitine. #4"},"content":{"rendered":"\n<h2 class=\"wp-block-heading\">et pour les autres!<\/h2>\n\n\n\n<p>L&#8217;\u00e9quipe travaille sur l&#8217;organisation pour pouvoir bient\u00f4t r\u00e9ouvrir les locaux dans de bonnes conditions, mais en attendant, elle vous adresse encore une comptine. Et vous envoie le bonjour de croco.<\/p>\n\n\n\n<iframe loading=\"lazy\" width=\"560\" height=\"315\" src=\"https:\/\/www.youtube.com\/embed\/ZjOQU0ImEkI\" frameborder=\"0\" allow=\"accelerometer; autoplay; encrypted-media; gyroscope; picture-in-picture\" allowfullscreen><\/iframe>\n\n\n\n<p><\/p>\n\n\n\n<p><\/p>\n","protected":false},"excerpt":{"rendered":"<p>et pour les autres! L&#8217;\u00e9quipe travaille sur l&#8217;organisation pour pouvoir bient\u00f4t r\u00e9ouvrir les locaux dans de bonnes conditions, mais en attendant, elle vous adresse encore une comptine. Et vous envoie le bonjour de croco.<\/p>\n","protected":false},"author":19,"featured_media":1209,"comment_status":"open","ping_status":"closed","sticky":false,"template":"","format":"standard","meta":{"footnotes":""},"categories":[65,64],"tags":[20,49,48],"class_list":["post-1208","post","type-post","status-publish","format-standard","has-post-thumbnail","hentry","category-famille","category-graffitine","tag-famille","tag-graffitine","tag-petits"],"_links":{"self":[{"href":"https:\/\/gardonslelien.csvennes.fr\/index.php?rest_route=\/wp\/v2\/posts\/1208"}],"collection":[{"href":"https:\/\/gardonslelien.csvennes.fr\/index.php?rest_route=\/wp\/v2\/posts"}],"about":[{"href":"https:\/\/gardonslelien.csvennes.fr\/index.php?rest_route=\/wp\/v2\/types\/post"}],"author":[{"embeddable":true,"href":"https:\/\/gardonslelien.csvennes.fr\/index.php?rest_route=\/wp\/v2\/users\/19"}],"replies":[{"embeddable":true,"href":"https:\/\/gardonslelien.csvennes.fr\/index.php?rest_route=%2Fwp%2Fv2%2Fcomments&post=1208"}],"version-history":[{"count":1,"href":"https:\/\/gardonslelien.csvennes.fr\/index.php?rest_route=\/wp\/v2\/posts\/1208\/revisions"}],"predecessor-version":[{"id":1210,"href":"https:\/\/gardonslelien.csvennes.fr\/index.php?rest_route=\/wp\/v2\/posts\/1208\/revisions\/1210"}],"wp:featuredmedia":[{"embeddable":true,"href":"https:\/\/gardonslelien.csvennes.fr\/index.php?rest_route=\/wp\/v2\/media\/1209"}],"wp:attachment":[{"href":"https:\/\/gardonslelien.csvennes.fr\/index.php?rest_route=%2Fwp%2Fv2%2Fmedia&parent=1208"}],"wp:term":[{"taxonomy":"category","embeddable":true,"href":"https:\/\/gardonslelien.csvennes.fr\/index.php?rest_route=%2Fwp%2Fv2%2Fcategories&post=1208"},{"taxonomy":"post_tag","embeddable":true,"href":"https:\/\/gardonslelien.csvennes.fr\/index.php?rest_route=%2Fwp%2Fv2%2Ftags&post=1208"}],"curies":[{"name":"wp","href":"https:\/\/api.w.org\/{rel}","templated":true}]}}