{"id":1047,"date":"2020-06-08T14:00:00","date_gmt":"2020-06-08T12:00:00","guid":{"rendered":"https:\/\/gardonslelien.csvennes.fr\/?p=1047"},"modified":"2020-06-11T19:18:55","modified_gmt":"2020-06-11T17:18:55","slug":"et-si-je-racontais-mon-quartier6","status":"publish","type":"post","link":"https:\/\/gardonslelien.csvennes.fr\/?p=1047","title":{"rendered":"&#8220;Et si je racontais mon quartier&#8221;#6"},"content":{"rendered":"\n<p class=\"has-text-align-center\"><strong>Qui suis-je ?<\/strong><\/p>\n\n\n\n<p class=\"has-text-align-left\"> <strong>En quelle ann\u00e9e les immeubles ont-ils \u00e9t\u00e9 construits ?<\/strong>                                                                                  <strong>A quelle entreprise appartenaient ces immeubles ?  <\/strong>                                                            <strong>En quelle ann\u00e9e, le conseil municipal a-t-il baptis\u00e9 la rue Montesquieu ? <\/strong><\/p>\n\n\n\n<figure class=\"wp-block-image size-large\"><img loading=\"lazy\" decoding=\"async\" width=\"984\" height=\"702\" src=\"https:\/\/gardonslelien.csvennes.fr\/wp-content\/uploads\/2020\/06\/1-immeuble-montesqueui-1.jpg\" alt=\"\" class=\"wp-image-1741\" srcset=\"https:\/\/gardonslelien.csvennes.fr\/wp-content\/uploads\/2020\/06\/1-immeuble-montesqueui-1.jpg 984w, https:\/\/gardonslelien.csvennes.fr\/wp-content\/uploads\/2020\/06\/1-immeuble-montesqueui-1-300x214.jpg 300w, https:\/\/gardonslelien.csvennes.fr\/wp-content\/uploads\/2020\/06\/1-immeuble-montesqueui-1-768x548.jpg 768w\" sizes=\"(max-width: 984px) 100vw, 984px\" \/><\/figure>\n\n\n\n<p><\/p>\n\n\n\n<div class=\"wp-block-group\"><div class=\"wp-block-group__inner-container is-layout-flow wp-block-group-is-layout-flow\">\n<p><strong>                                                         Qui suis-je ?                                                                                                                 A c\u00f4t\u00e9 de la poste et en face des immeubles , je rassemble beaucoup de monde d\u00e8s que les beaux jours arrivent&#8230; <\/strong><\/p>\n\n\n\n<figure class=\"wp-block-image size-large\"><img loading=\"lazy\" decoding=\"async\" width=\"939\" height=\"757\" src=\"https:\/\/gardonslelien.csvennes.fr\/wp-content\/uploads\/2020\/06\/Le-square-1-1.jpg\" alt=\"\" class=\"wp-image-1760\" srcset=\"https:\/\/gardonslelien.csvennes.fr\/wp-content\/uploads\/2020\/06\/Le-square-1-1.jpg 939w, https:\/\/gardonslelien.csvennes.fr\/wp-content\/uploads\/2020\/06\/Le-square-1-1-300x242.jpg 300w, https:\/\/gardonslelien.csvennes.fr\/wp-content\/uploads\/2020\/06\/Le-square-1-1-768x619.jpg 768w\" sizes=\"(max-width: 939px) 100vw, 939px\" \/><\/figure>\n\n\n\n<p><\/p>\n<\/div><\/div>\n\n\n\n<p><\/p>\n","protected":false},"excerpt":{"rendered":"<p>Qui suis-je ? En quelle ann\u00e9e les immeubles ont-ils \u00e9t\u00e9 construits ? A quelle entreprise appartenaient ces immeubles ? En quelle ann\u00e9e, le conseil municipal a-t-il baptis\u00e9 la rue Montesquieu ? Qui suis-je ? A c\u00f4t\u00e9 de la poste et <a class=\"more-link\" href=\"https:\/\/gardonslelien.csvennes.fr\/?p=1047\">Continuer la lecture <span class=\"screen-reader-text\">  &#8220;Et si je racontais mon quartier&#8221;#6<\/span><span class=\"meta-nav\">&rarr;<\/span><\/a><\/p>\n","protected":false},"author":23,"featured_media":1741,"comment_status":"open","ping_status":"closed","sticky":false,"template":"","format":"standard","meta":{"footnotes":""},"categories":[62],"tags":[],"class_list":["post-1047","post","type-post","status-publish","format-standard","has-post-thumbnail","hentry","category-memoire"],"_links":{"self":[{"href":"https:\/\/gardonslelien.csvennes.fr\/index.php?rest_route=\/wp\/v2\/posts\/1047"}],"collection":[{"href":"https:\/\/gardonslelien.csvennes.fr\/index.php?rest_route=\/wp\/v2\/posts"}],"about":[{"href":"https:\/\/gardonslelien.csvennes.fr\/index.php?rest_route=\/wp\/v2\/types\/post"}],"author":[{"embeddable":true,"href":"https:\/\/gardonslelien.csvennes.fr\/index.php?rest_route=\/wp\/v2\/users\/23"}],"replies":[{"embeddable":true,"href":"https:\/\/gardonslelien.csvennes.fr\/index.php?rest_route=%2Fwp%2Fv2%2Fcomments&post=1047"}],"version-history":[{"count":15,"href":"https:\/\/gardonslelien.csvennes.fr\/index.php?rest_route=\/wp\/v2\/posts\/1047\/revisions"}],"predecessor-version":[{"id":1816,"href":"https:\/\/gardonslelien.csvennes.fr\/index.php?rest_route=\/wp\/v2\/posts\/1047\/revisions\/1816"}],"wp:featuredmedia":[{"embeddable":true,"href":"https:\/\/gardonslelien.csvennes.fr\/index.php?rest_route=\/wp\/v2\/media\/1741"}],"wp:attachment":[{"href":"https:\/\/gardonslelien.csvennes.fr\/index.php?rest_route=%2Fwp%2Fv2%2Fmedia&parent=1047"}],"wp:term":[{"taxonomy":"category","embeddable":true,"href":"https:\/\/gardonslelien.csvennes.fr\/index.php?rest_route=%2Fwp%2Fv2%2Fcategories&post=1047"},{"taxonomy":"post_tag","embeddable":true,"href":"https:\/\/gardonslelien.csvennes.fr\/index.php?rest_route=%2Fwp%2Fv2%2Ftags&post=1047"}],"curies":[{"name":"wp","href":"https:\/\/api.w.org\/{rel}","templated":true}]}}